{"id":1604,"date":"2023-12-16T13:24:24","date_gmt":"2023-12-16T16:24:24","guid":{"rendered":"https:\/\/almeidaecorrea.com.br\/noticias\/?p=1604"},"modified":"2023-12-16T16:18:20","modified_gmt":"2023-12-16T19:18:20","slug":"dezembro-vermelho-conscientizacao-e-prevencao-do-hiv-aids","status":"publish","type":"post","link":"https:\/\/almeidaecorrea.com.br\/noticias\/dezembro-vermelho-conscientizacao-e-prevencao-do-hiv-aids\/","title":{"rendered":"DEZEMBRO VERMELHO: CONSCIENTIZA\u00c7\u00c3O E PREVEN\u00c7\u00c3O DO HIV\/AIDS"},"content":{"rendered":"\n<p>O m\u00eas de dezembro \u00e9 internacionalmente reconhecido como Dezembro Vermelho, um per\u00edodo dedicado \u00e0 conscientiza\u00e7\u00e3o e preven\u00e7\u00e3o do HIV\/AIDS.<\/p>\n\n\n\n<p>O HIV \u00e9 um v\u00edrus que ataca o sistema imunol\u00f3gico, podendo resultar em AIDS, uma condi\u00e7\u00e3o que compromete significativamente a sa\u00fade e pode levar \u00e0 morte. Por isso, \u00e9 fundamental que as pessoas adotem medidas preventivas e realizem o teste para descobrir se s\u00e3o soropositivas.<\/p>\n\n\n\n<p>Apesar dos avan\u00e7os em tratamentos e cuidados, a doen\u00e7a continua sendo um desafio significativo para a sa\u00fade p\u00fablica global, com 38 milh\u00f5es de pessoas vivendo com HIV e 1,7 milh\u00f5es de novas infec\u00e7\u00f5es anualmente. O estigma e a discrimina\u00e7\u00e3o ainda representam obst\u00e1culos substanciais para o tratamento e a qualidade de vida dessas pessoas.<\/p>\n\n\n\n<p>Embora uma cura definitiva para a AIDS ainda n\u00e3o esteja dispon\u00edvel, existem op\u00e7\u00f5es de tratamento. Identificar a condi\u00e7\u00e3o precocemente aumenta consideravelmente as chances de sucesso no tratamento, proporcionando melhorias significativas na qualidade de vida das pessoas portadoras do HIV.<\/p>\n","protected":false},"excerpt":{"rendered":"<p>O m\u00eas de dezembro \u00e9 internacionalmente reconhecido como Dezembro Vermelho, um per\u00edodo dedicado \u00e0 conscientiza\u00e7\u00e3o e preven\u00e7\u00e3o do HIV\/AIDS. O HIV \u00e9 um v\u00edrus que ataca o sistema imunol\u00f3gico, podendo resultar em AIDS, uma condi\u00e7\u00e3o que compromete significativamente a sa\u00fade e pode levar \u00e0 morte&#8230;.<\/p>\n","protected":false},"author":2,"featured_media":1605,"comment_status":"closed","ping_status":"closed","sticky":false,"template":"","format":"standard","meta":[],"categories":[1,25],"tags":[],"amp_enabled":true,"_links":{"self":[{"href":"https:\/\/almeidaecorrea.com.br\/noticias\/wp-json\/wp\/v2\/posts\/1604"}],"collection":[{"href":"https:\/\/almeidaecorrea.com.br\/noticias\/wp-json\/wp\/v2\/posts"}],"about":[{"href":"https:\/\/almeidaecorrea.com.br\/noticias\/wp-json\/wp\/v2\/types\/post"}],"author":[{"embeddable":true,"href":"https:\/\/almeidaecorrea.com.br\/noticias\/wp-json\/wp\/v2\/users\/2"}],"replies":[{"embeddable":true,"href":"https:\/\/almeidaecorrea.com.br\/noticias\/wp-json\/wp\/v2\/comments?post=1604"}],"version-history":[{"count":1,"href":"https:\/\/almeidaecorrea.com.br\/noticias\/wp-json\/wp\/v2\/posts\/1604\/revisions"}],"predecessor-version":[{"id":1606,"href":"https:\/\/almeidaecorrea.com.br\/noticias\/wp-json\/wp\/v2\/posts\/1604\/revisions\/1606"}],"wp:featuredmedia":[{"embeddable":true,"href":"https:\/\/almeidaecorrea.com.br\/noticias\/wp-json\/wp\/v2\/media\/1605"}],"wp:attachment":[{"href":"https:\/\/almeidaecorrea.com.br\/noticias\/wp-json\/wp\/v2\/media?parent=1604"}],"wp:term":[{"taxonomy":"category","embeddable":true,"href":"https:\/\/almeidaecorrea.com.br\/noticias\/wp-json\/wp\/v2\/categories?post=1604"},{"taxonomy":"post_tag","embeddable":true,"href":"https:\/\/almeidaecorrea.com.br\/noticias\/wp-json\/wp\/v2\/tags?post=1604"}],"curies":[{"name":"wp","href":"https:\/\/api.w.org\/{rel}","templated":true}]}}