{"id":12,"date":"2021-03-27T11:20:36","date_gmt":"2021-03-27T11:20:36","guid":{"rendered":"https:\/\/almeidaecorrea.com.br\/noticias\/?p=12"},"modified":"2021-03-27T11:23:36","modified_gmt":"2021-03-27T11:23:36","slug":"como-fica-o-pagamento-da-pensao-alimenticia-por-causa-da-pandemia-do-coronavirus","status":"publish","type":"post","link":"https:\/\/almeidaecorrea.com.br\/noticias\/como-fica-o-pagamento-da-pensao-alimenticia-por-causa-da-pandemia-do-coronavirus\/","title":{"rendered":"COMO FICA O PAGAMENTO DA PENS\u00c3O ALIMENT\u00cdCIA POR CAUSA DA PANDEMIA DO CORONAVIRUS?"},"content":{"rendered":"\n<p>N\u00e3o \u00e9 segredo para ningu\u00e9m que os \u00faltimos dias t\u00eam sido dif\u00edceis para a popula\u00e7\u00e3o brasileira, especialmente pelo aconselhamento do Minist\u00e9rio da Sa\u00fade para ado\u00e7\u00e3o de medidas de isolamento, as quais foram acatadas pela grande maioria dos prefeitos e governadores de Estados.<\/p>\n\n\n\n<p>\u00c9 um efeito cascata, pessoas em suas resid\u00eancias, baixa na economia, dispensa de trabalho, adiantamento de f\u00e9rias, aumento de d\u00edvidas, renegocia\u00e7\u00e3o de prazos de pagamentos e assim por diante.<\/p>\n\n\n\n<p>Com isso vem surgindo a seguinte pergunta: Em virtude do isolamento pelo coronav\u00edrus e aus\u00eancia de trabalho e consequentemente de remunera\u00e7\u00e3o, posso suspender o pagamento da pens\u00e3o aliment\u00edcia?<\/p>\n\n\n\n<p>A resposta \u00e9 simples: N\u00c3O.<\/p>\n\n\n\n<p>No entanto, a melhor sa\u00edda para uma situa\u00e7\u00e3o como esta \u00e9 o di\u00e1logo, a coopera\u00e7\u00e3o e a pondera\u00e7\u00e3o.<br>O(a) devedor(a) dever\u00e1 chegar a um acordo com o(a) respons\u00e1vel(a) pela guarda da crian\u00e7a\/adolescente, de modo a flexibilizar valores e datas de pagamento, tudo isto visando a atender o princ\u00edpio do \u201cmelhor interesse da crian\u00e7a\u201d.<\/p>\n\n\n\n<p>\u00c9 necess\u00e1rio deixar claro que, muito embora se esteja em per\u00edodo de isolamento social e suspens\u00e3o de prazos processuais, o Poder Judici\u00e1rio mant\u00e9m seu expediente via home office, de modo que as a\u00e7\u00f5es de cobran\u00e7a de alimentos e de pris\u00e3o pelo n\u00e3o pagamento tramitam normalmente.<\/p>\n","protected":false},"excerpt":{"rendered":"<p>N\u00e3o \u00e9 segredo para ningu\u00e9m que os \u00faltimos dias t\u00eam sido dif\u00edceis para a popula\u00e7\u00e3o brasileira, especialmente pelo aconselhamento do Minist\u00e9rio da Sa\u00fade para ado\u00e7\u00e3o de medidas de isolamento, as quais foram acatadas pela grande maioria dos prefeitos e governadores de Estados. \u00c9 um efeito&#8230;<\/p>\n","protected":false},"author":2,"featured_media":17,"comment_status":"open","ping_status":"open","sticky":false,"template":"","format":"standard","meta":[],"categories":[2],"tags":[],"amp_enabled":true,"_links":{"self":[{"href":"https:\/\/almeidaecorrea.com.br\/noticias\/wp-json\/wp\/v2\/posts\/12"}],"collection":[{"href":"https:\/\/almeidaecorrea.com.br\/noticias\/wp-json\/wp\/v2\/posts"}],"about":[{"href":"https:\/\/almeidaecorrea.com.br\/noticias\/wp-json\/wp\/v2\/types\/post"}],"author":[{"embeddable":true,"href":"https:\/\/almeidaecorrea.com.br\/noticias\/wp-json\/wp\/v2\/users\/2"}],"replies":[{"embeddable":true,"href":"https:\/\/almeidaecorrea.com.br\/noticias\/wp-json\/wp\/v2\/comments?post=12"}],"version-history":[{"count":1,"href":"https:\/\/almeidaecorrea.com.br\/noticias\/wp-json\/wp\/v2\/posts\/12\/revisions"}],"predecessor-version":[{"id":13,"href":"https:\/\/almeidaecorrea.com.br\/noticias\/wp-json\/wp\/v2\/posts\/12\/revisions\/13"}],"wp:featuredmedia":[{"embeddable":true,"href":"https:\/\/almeidaecorrea.com.br\/noticias\/wp-json\/wp\/v2\/media\/17"}],"wp:attachment":[{"href":"https:\/\/almeidaecorrea.com.br\/noticias\/wp-json\/wp\/v2\/media?parent=12"}],"wp:term":[{"taxonomy":"category","embeddable":true,"href":"https:\/\/almeidaecorrea.com.br\/noticias\/wp-json\/wp\/v2\/categories?post=12"},{"taxonomy":"post_tag","embeddable":true,"href":"https:\/\/almeidaecorrea.com.br\/noticias\/wp-json\/wp\/v2\/tags?post=12"}],"curies":[{"name":"wp","href":"https:\/\/api.w.org\/{rel}","templated":true}]}}